{"id":9616,"date":"2026-04-27T05:57:04","date_gmt":"2026-04-27T05:57:04","guid":{"rendered":"https:\/\/danielcinelli.com.ar\/sitio\/?p=9616"},"modified":"2026-04-27T17:05:44","modified_gmt":"2026-04-27T17:05:44","slug":"es-paria","status":"publish","type":"post","link":"https:\/\/danielcinelli.com.ar\/sitio\/es-paria\/","title":{"rendered":"Es Paria"},"content":{"rendered":"\n<div class=\"wp-block-media-text has-media-on-the-right is-stacked-on-mobile is-vertically-aligned-top\" style=\"grid-template-columns:auto 42%\"><div class=\"wp-block-media-text__content\">\n<h3 class=\"wp-block-heading\">Un hurac\u00e1n en escena<\/h3>\n\n\n\n<p>Adri\u00e1n Navarro es un verdadero laburante del arte. Ver \u00ab<strong>es paria<\/strong>\u00bb es una experiencia que vale la alegr\u00eda vivir. <br>La obra es dura, personal, cr\u00edtica, feroz y dolorosa como una fractura expuesta y que a la vez navega entre el humor y la reflexi\u00f3n en una proporci\u00f3n tan equilibrada que nos permite pasar sin esfuerzo, naturalmente entre los temas m\u00e1s diversos y humanos.<\/p>\n<\/div><figure class=\"wp-block-media-text__media\"><img fetchpriority=\"high\" decoding=\"async\" width=\"720\" height=\"407\" src=\"https:\/\/danielcinelli.com.ar\/sitio\/wp-content\/uploads\/2026\/04\/es-paria-1.jpg\" alt=\"\" class=\"wp-image-9617 size-full\" srcset=\"https:\/\/danielcinelli.com.ar\/sitio\/wp-content\/uploads\/2026\/04\/es-paria-1.jpg 720w, https:\/\/danielcinelli.com.ar\/sitio\/wp-content\/uploads\/2026\/04\/es-paria-1-300x170.jpg 300w, https:\/\/danielcinelli.com.ar\/sitio\/wp-content\/uploads\/2026\/04\/es-paria-1-600x339.jpg 600w\" sizes=\"(max-width: 720px) 100vw, 720px\" \/><\/figure><\/div>\n\n\n\n<p>Se le atribuye a Bertold Brecht la frase <strong><em>\u00abEl arte no es un espejo para reflejar la realidad, sino un martillo para darle forma<\/em><\/strong>\u00ab. Adri\u00e1n toma su martillo, enciende la fragua y va forjando desde el primer instante una obra plena donde se da todos los gustos; critica sin miramientos, dice lo que gran parte de la sociedad calla, pero no s\u00f3lo lo dice, lo grita a todo pulm\u00f3n, con la claridad necesaria para que nadie quede inadvertido.<\/p>\n\n\n\n<div class=\"wp-block-media-text is-stacked-on-mobile is-vertically-aligned-top\" style=\"grid-template-columns:57% auto\"><figure class=\"wp-block-media-text__media\"><img decoding=\"async\" width=\"924\" height=\"692\" src=\"https:\/\/danielcinelli.com.ar\/sitio\/wp-content\/uploads\/2026\/04\/esparia-2.jpeg\" alt=\"\" class=\"wp-image-9622 size-full\" srcset=\"https:\/\/danielcinelli.com.ar\/sitio\/wp-content\/uploads\/2026\/04\/esparia-2.jpeg 924w, https:\/\/danielcinelli.com.ar\/sitio\/wp-content\/uploads\/2026\/04\/esparia-2-300x225.jpeg 300w, https:\/\/danielcinelli.com.ar\/sitio\/wp-content\/uploads\/2026\/04\/esparia-2-768x575.jpeg 768w, https:\/\/danielcinelli.com.ar\/sitio\/wp-content\/uploads\/2026\/04\/esparia-2-580x435.jpeg 580w, https:\/\/danielcinelli.com.ar\/sitio\/wp-content\/uploads\/2026\/04\/esparia-2-600x449.jpeg 600w\" sizes=\"(max-width: 924px) 100vw, 924px\" \/><\/figure><div class=\"wp-block-media-text__content\">\n<div class=\"wp-block-group is-nowrap is-layout-flex wp-container-core-group-is-layout-ad2f72ca wp-block-group-is-layout-flex\">\n<p>Es una obra pol\u00edtica, si.  Pero tambi\u00e9n es po\u00e9tica.  Tuve la inesperada fortuna de ver la obra desde las alturas del pullman de la sala Caras y Caretas lo que me permiti\u00f3 apreciar la totalidad de la puesta en escena en toda su magnitud.  Nada est\u00e1 librado al azar, todo compone el marco apropiado para esta obra.  Cada elemento de la escenograf\u00eda es una desici\u00f3n pensada po\u00e9ticamente, fruto de una elaboraci\u00f3n con sentido, nada sobra, todo se usa, se transforma, se resignifica. La luz dialoga, entra en el discurso, lo sostiene y remarca en el momento necesario.<br>La m\u00fasica integra el discurso desde la entrada a la sala, preanuncia sin develar, instala al espectador en la atm\u00f3sfera del vendaval que vendr\u00e1, con la dureza del golpe met\u00e1lico, con las sirenas de advertencia que rompen la r\u00edtmica industrial que aletarga los sentidos. <\/p>\n<\/div>\n\n\n\n<p>Cada imagen interpela, cada palabra provoca, cada silencio pesa, el humor descomprime y contrasta hasta que tomamos conciencia del motivo que nos hace re\u00edr. Y volvemos a empezar el ciclo.<\/p>\n<\/div><\/div>\n\n\n\n<p>Una obra audaz, sin descanso, precisa.  Quiero resaltar especialmente el trabajo actoral meticuloso, de relojer\u00eda, jugando siempre con el riesgo, por momentos al borde del abismo.  M\u00e1s all\u00e1 de la encarnaci\u00f3n o interpretaci\u00f3n, Adrian puede escribir, dirigirse, hablar, transitar, accionar y sentir con propiedad la realidad del trabajador, porque es un laburante incansable, nada de este discurso le es ajeno y eso se vive desde la platea.  Su personaje (Fierro) da forma, crea con sus manos, trabaja el metal y mientras da vida a un Quijote o a un perro fiel y compa\u00f1ero, reflexiona, lucha por despertar del letargo, por hacernos despertar de la realidad alienante en la que estamos sumergidos.<\/p>\n\n\n\n<p>No quiero adelantar m\u00e1s de la trama, es una obra para ver y disfrutar en el momento y para conversar, reflexionar y repensar despu\u00e9s de verla.  Reg\u00e1lense un momento de buen teatro. <\/p>\n\n\n\n<hr class=\"wp-block-separator aligncenter has-text-color has-light-gray-color has-alpha-channel-opacity has-light-gray-background-color has-background\"\/>\n\n\n\n<p>Dramaturgia: <strong>Adri\u00e1n Navarro.<\/strong><br>Actuaci\u00f3n: <strong>Adri\u00e1n Navarro.<\/strong><br>Dise\u00f1o de Iluminaci\u00f3n: <strong>Manuel Mazza.<\/strong><br>Sonido: <strong>Facundo Quiroga.<\/strong><br>Realizador de esculturas: <strong>Omar Toro M\u00fasis.<\/strong><br>Asistencia Gral: <strong>Karenina Collados.<\/strong><br>Producci\u00f3n: <strong>Sheila M\u00e1rquez\/Reciclaje.<\/strong><br>Vestuario: <strong>Sasha M\u00fasis.<\/strong><br>Dise\u00f1o Gr\u00e1fico: <strong>Norman Ruiz, Liliana Romero.<\/strong><br>Asistencia de direcci\u00f3n y colaboraci\u00f3n en gui\u00f3n:<strong> Iv\u00e1n Domnanovich.<\/strong><br>Direcci\u00f3n: <strong>Adri\u00e1n Navarro.<\/strong><\/p>\n\n\n\n<p>Sala: <strong>Caras y Caretas <\/strong>(Sarmiento 2037, CABA)<br><strong>Domigos 19.30 hs<\/strong><\/p>\n\n\n\n<p><\/p>\n","protected":false},"excerpt":{"rendered":"<p>Un hurac\u00e1n en escena Adri\u00e1n Navarro es un verdadero laburante del arte. Ver \u00abes paria\u00bb es una experiencia que vale la alegr\u00eda vivir. La obra es dura, personal, cr\u00edtica, feroz<\/p>\n<p class=\"more-link\"><a href=\"https:\/\/danielcinelli.com.ar\/sitio\/es-paria\/\" class=\"readmore\">Seguir leyendo<span class=\"screen-reader-text\">Es Paria<\/span><\/a><\/p>\n","protected":false},"author":2,"featured_media":9632,"comment_status":"open","ping_status":"open","sticky":false,"template":"","format":"standard","meta":{"footnotes":""},"categories":[28],"tags":[],"class_list":["post-9616","post","type-post","status-publish","format-standard","has-post-thumbnail","hentry","category-enescena"],"_links":{"self":[{"href":"https:\/\/danielcinelli.com.ar\/sitio\/wp-json\/wp\/v2\/posts\/9616","targetHints":{"allow":["GET"]}}],"collection":[{"href":"https:\/\/danielcinelli.com.ar\/sitio\/wp-json\/wp\/v2\/posts"}],"about":[{"href":"https:\/\/danielcinelli.com.ar\/sitio\/wp-json\/wp\/v2\/types\/post"}],"author":[{"embeddable":true,"href":"https:\/\/danielcinelli.com.ar\/sitio\/wp-json\/wp\/v2\/users\/2"}],"replies":[{"embeddable":true,"href":"https:\/\/danielcinelli.com.ar\/sitio\/wp-json\/wp\/v2\/comments?post=9616"}],"version-history":[{"count":9,"href":"https:\/\/danielcinelli.com.ar\/sitio\/wp-json\/wp\/v2\/posts\/9616\/revisions"}],"predecessor-version":[{"id":9631,"href":"https:\/\/danielcinelli.com.ar\/sitio\/wp-json\/wp\/v2\/posts\/9616\/revisions\/9631"}],"wp:featuredmedia":[{"embeddable":true,"href":"https:\/\/danielcinelli.com.ar\/sitio\/wp-json\/wp\/v2\/media\/9632"}],"wp:attachment":[{"href":"https:\/\/danielcinelli.com.ar\/sitio\/wp-json\/wp\/v2\/media?parent=9616"}],"wp:term":[{"taxonomy":"category","embeddable":true,"href":"https:\/\/danielcinelli.com.ar\/sitio\/wp-json\/wp\/v2\/categories?post=9616"},{"taxonomy":"post_tag","embeddable":true,"href":"https:\/\/danielcinelli.com.ar\/sitio\/wp-json\/wp\/v2\/tags?post=9616"}],"curies":[{"name":"wp","href":"https:\/\/api.w.org\/{rel}","templated":true}]}}