{"id":432,"date":"2025-09-16T00:21:32","date_gmt":"2025-09-16T00:21:32","guid":{"rendered":"https:\/\/danielcinelli.com.ar\/sitio\/?p=432"},"modified":"2026-04-27T05:13:24","modified_gmt":"2026-04-27T05:13:24","slug":"16-de-septiembre","status":"publish","type":"post","link":"https:\/\/danielcinelli.com.ar\/sitio\/16-de-septiembre\/","title":{"rendered":"16 de septiembre"},"content":{"rendered":"\n<h4 class=\"wp-block-heading\">Tres hechos de un mismo d\u00eda.<\/h4>\n\n\n\n<p>Hace 70 a\u00f1os, en 1955, un d\u00eda como hoy se desataba la pero de las facetas del odio pol\u00edtico: el intento de supresi\u00f3n f\u00edsica del adversario. La sublevaci\u00f3n encabezada por el general Eduardo Lonardi y el almirante Isaac Rojas derroc\u00f3 al gobierno democr\u00e1tico de Juan Domingo Per\u00f3n. La autoproclamada \u00abRevoluci\u00f3n libertadora\u00bb tres meses antes hab\u00edan bombardeado la casa de gobierno y la Plaza de Mayo dejando un saldo horroroso de m\u00e1s de 300 muertos y centenares de heridos.<\/p>\n\n\n\n<p>Luego, en una manera muy retorcida de entender \u00abla libertad\u00bb sancionaron el decreto 4161\/56, que prohib\u00eda el uso p\u00fablico de los s\u00edmbolos asociados con Per\u00f3n y hasta la misma menci\u00f3n de su nombre, el de Eva y se dispuso la intervenci\u00f3n de la CGT, de donde desapareci\u00f3 el cad\u00e1ver de Eva Per\u00f3n.<\/p>\n\n\n\n<p>Algo m\u00e1s ac\u00e1, en 1976, cuando las fuerzas armadas otra vez hab\u00edan derrocado a un gobierno peronista y sum\u00edan a la Argentina en la peor de las pesadillas autoritarias y despiadadas, diez estudiantes secundarios fueron secuestrados en La Plata. Seis de ellos fueron asesinados y contin\u00faan desaparecidos. Esta vez era la imposici\u00f3n de las reglas de la \u00ablibertad de mercado\u00bb lo que impulsaba a los salvajes tiranos a secuestrar, matar, desaparecer y apropiarse de beb\u00e9s.<\/p>\n\n\n\n<p>Hoy,  16 de septiembre de 2025, nos enteramos que la plataforma CINE.AR va a dejar de existir.  Un espacio audiovisual donde hasta ahora se pueden ver pel\u00edculas y series producidas en argentina, que fue el logro de otro gobierno peronista del que todos podemos disfrutar gratuitamente.  Pel\u00edculas y series que hablan de nosotros, de nuestra identidad y tambi\u00e9n de los procesos hist\u00f3ricos que sufrimos.<\/p>\n\n\n\n<p>Ya poner nuevamente como excusa a la libertad no resiste el menor an\u00e1lisis.<br>No alcanza con mentar que los n\u00fameros del Excel no les cierran como para mantener activo un sitio que sostiene la memoria colectiva.<\/p>\n\n\n\n<p>Mejor har\u00edan en sincerarse y decir claramente que lo que quieren &#8211; y siempre quisieron &#8211; es borrar la memoria colectiva, para construir su relato mentiroso y disfrazar su odio visceral al pueblo.<\/p>\n","protected":false},"excerpt":{"rendered":"<p>Tres hechos de un mismo d\u00eda. Hace 70 a\u00f1os, en 1955, un d\u00eda como hoy se desataba la pero de las facetas del odio pol\u00edtico: el intento de supresi\u00f3n f\u00edsica<\/p>\n<p class=\"more-link\"><a href=\"https:\/\/danielcinelli.com.ar\/sitio\/16-de-septiembre\/\" class=\"readmore\">Seguir leyendo<span class=\"screen-reader-text\">16 de septiembre<\/span><\/a><\/p>\n","protected":false},"author":2,"featured_media":433,"comment_status":"open","ping_status":"open","sticky":false,"template":"","format":"standard","meta":{"footnotes":""},"categories":[30],"tags":[],"class_list":["post-432","post","type-post","status-publish","format-standard","has-post-thumbnail","hentry","category-presente"],"_links":{"self":[{"href":"https:\/\/danielcinelli.com.ar\/sitio\/wp-json\/wp\/v2\/posts\/432","targetHints":{"allow":["GET"]}}],"collection":[{"href":"https:\/\/danielcinelli.com.ar\/sitio\/wp-json\/wp\/v2\/posts"}],"about":[{"href":"https:\/\/danielcinelli.com.ar\/sitio\/wp-json\/wp\/v2\/types\/post"}],"author":[{"embeddable":true,"href":"https:\/\/danielcinelli.com.ar\/sitio\/wp-json\/wp\/v2\/users\/2"}],"replies":[{"embeddable":true,"href":"https:\/\/danielcinelli.com.ar\/sitio\/wp-json\/wp\/v2\/comments?post=432"}],"version-history":[{"count":1,"href":"https:\/\/danielcinelli.com.ar\/sitio\/wp-json\/wp\/v2\/posts\/432\/revisions"}],"predecessor-version":[{"id":434,"href":"https:\/\/danielcinelli.com.ar\/sitio\/wp-json\/wp\/v2\/posts\/432\/revisions\/434"}],"wp:featuredmedia":[{"embeddable":true,"href":"https:\/\/danielcinelli.com.ar\/sitio\/wp-json\/wp\/v2\/media\/433"}],"wp:attachment":[{"href":"https:\/\/danielcinelli.com.ar\/sitio\/wp-json\/wp\/v2\/media?parent=432"}],"wp:term":[{"taxonomy":"category","embeddable":true,"href":"https:\/\/danielcinelli.com.ar\/sitio\/wp-json\/wp\/v2\/categories?post=432"},{"taxonomy":"post_tag","embeddable":true,"href":"https:\/\/danielcinelli.com.ar\/sitio\/wp-json\/wp\/v2\/tags?post=432"}],"curies":[{"name":"wp","href":"https:\/\/api.w.org\/{rel}","templated":true}]}}