{"id":200,"date":"2024-05-07T13:17:52","date_gmt":"2024-05-07T13:17:52","guid":{"rendered":"https:\/\/danielcinelli.com.ar\/sitio\/?p=200"},"modified":"2026-04-27T05:14:22","modified_gmt":"2026-04-27T05:14:22","slug":"7-de-mayo","status":"publish","type":"post","link":"https:\/\/danielcinelli.com.ar\/sitio\/7-de-mayo\/","title":{"rendered":"7 de mayo"},"content":{"rendered":"\n<p>Mi abuelo Antonio era uno de los tantos inmigrantes que llegaron a la Argentina a principios del siglo pasado.  Vino de Italia, de su pueblo en Pietra Roja, cerca de Benevento.  Vino de muy joven, sin saber el idioma y por el llamado de otros parientes que ya estaban ac\u00e1. Entr\u00f3 a trabajar en el ferrocarril y pas\u00f3 de ser un simple pe\u00f3n a jubilarse como inspector luego de muchos a\u00f1os de trabajo.  Form\u00f3 su familia y su vida ac\u00e1, en esa \u00e9poca.<\/p>\n\n\n\n<div class=\"wp-block-media-text is-stacked-on-mobile\" style=\"grid-template-columns:22% auto\"><figure class=\"wp-block-media-text__media\"><img fetchpriority=\"high\" decoding=\"async\" width=\"682\" height=\"727\" src=\"https:\/\/danielcinelli.com.ar\/sitio\/wp-content\/uploads\/2024\/05\/evita.jpg\" alt=\"\" class=\"wp-image-201 size-full\" srcset=\"https:\/\/danielcinelli.com.ar\/sitio\/wp-content\/uploads\/2024\/05\/evita.jpg 682w, https:\/\/danielcinelli.com.ar\/sitio\/wp-content\/uploads\/2024\/05\/evita-600x640.jpg 600w, https:\/\/danielcinelli.com.ar\/sitio\/wp-content\/uploads\/2024\/05\/evita-281x300.jpg 281w\" sizes=\"(max-width: 682px) 100vw, 682px\" \/><\/figure><div class=\"wp-block-media-text__content\">\n<p>En su casa de un barrio del Gran Buenos Aires ten\u00eda en el fondo su taller de herramienta, donde hacia sus arreglos y manualidades.  Yo de chico jugaba en ese taller, con esas herramientas oxidadas y siempre me llamaba la atenci\u00f3n un peque\u00f1o cuadrito que presid\u00eda discretamente el taller.  Ese cuadrito era la imagen &#8211; casi un dibujo &#8211; de una se\u00f1ora con el pelo rubio, tirante que terminaba en un rodete y una sonrisa amplia y bella.  Para los ojos de mi infancia era s\u00f3lo un cuadrito entre las maderas.  Un cuadrito que miraba cada domingo por la tarde.<\/p>\n\n\n\n<p>Una de esas tardes mi abuelo Antonio, esquivando la costumbre de la siesta entr\u00f3, con su eterno bast\u00f3n en el taller mientras yo jugaba. Lo mir\u00e9 sorprendido porque \u00e9l casi nunca iba para el fondo, pero m\u00e1s me sorprendi\u00f3 porque por primera y \u00fanica vez lo vi mirando a ese cuadrito diminuto, con los ojos llenos de l\u00e1grimas. Como si se hubiese olvidado que ella estaba ah\u00ed. <\/p>\n<\/div><\/div>\n\n\n\n<p>Lo disimul\u00f3 como pudo, por esa cosa de la verg\u00fcenza y de que los hombres no lloramos. <br>Desde esa tarde cada domingos nos reserv\u00e1bamos siempre un rato a la hora de la siesta para hablar, para que me cuente cosas del ferrocarril, de esos a\u00f1os que \u00e9l vivi\u00f3, para pasar las p\u00e1ginas de un libraco enorme &#8211; que a\u00fan conservo como reliquia &#8211;  que detallaba lo que ella, Eva Per\u00f3n, la mujer del cuadrito y Juan Per\u00f3n hab\u00edan hecho transformando el pa\u00eds.<\/p>\n\n\n\n<p>Despu\u00e9s, con los a\u00f1os, vino la adolescencia, la lectura de los libros, debatir las ideas, la doctrina, el pa\u00eds, las coyunturas&#8230; Crecer.<\/p>\n\n\n\n<p>Pero hay algo siempre me repito: al peronismo entr\u00e1s por la emoci\u00f3n, porque te duele la injusticia en el cuerpo, porque la felicidad s\u00f3lo se disfruta si es compartida, porque los dem\u00e1s si importan.   La ideolog\u00eda viene desp\u00faes y est\u00e1 inevitablemente pegada a esa emoci\u00f3n.  <\/p>\n\n\n\n<p>Yo entr\u00e9 por las l\u00e1grimas de amor de mi abuelo a esa se\u00f1ora, que empez\u00f3 a ser persona para m\u00ed esa misma tarde. Esa se\u00f1ora odiada por tantos y amada por multitudes entre los que me incluyo. Esa mujer que hoy cumplir\u00eda 105 a\u00f1os.<\/p>\n","protected":false},"excerpt":{"rendered":"<p>Mi abuelo Antonio era uno de los tantos inmigrantes que llegaron a la Argentina a principios del siglo pasado. Vino de Italia, de su pueblo en Pietra Roja, cerca de<\/p>\n<p class=\"more-link\"><a href=\"https:\/\/danielcinelli.com.ar\/sitio\/7-de-mayo\/\" class=\"readmore\">Seguir leyendo<span class=\"screen-reader-text\">7 de mayo<\/span><\/a><\/p>\n","protected":false},"author":2,"featured_media":201,"comment_status":"open","ping_status":"open","sticky":false,"template":"","format":"standard","meta":{"footnotes":""},"categories":[30],"tags":[],"class_list":["post-200","post","type-post","status-publish","format-standard","has-post-thumbnail","hentry","category-presente"],"_links":{"self":[{"href":"https:\/\/danielcinelli.com.ar\/sitio\/wp-json\/wp\/v2\/posts\/200","targetHints":{"allow":["GET"]}}],"collection":[{"href":"https:\/\/danielcinelli.com.ar\/sitio\/wp-json\/wp\/v2\/posts"}],"about":[{"href":"https:\/\/danielcinelli.com.ar\/sitio\/wp-json\/wp\/v2\/types\/post"}],"author":[{"embeddable":true,"href":"https:\/\/danielcinelli.com.ar\/sitio\/wp-json\/wp\/v2\/users\/2"}],"replies":[{"embeddable":true,"href":"https:\/\/danielcinelli.com.ar\/sitio\/wp-json\/wp\/v2\/comments?post=200"}],"version-history":[{"count":6,"href":"https:\/\/danielcinelli.com.ar\/sitio\/wp-json\/wp\/v2\/posts\/200\/revisions"}],"predecessor-version":[{"id":210,"href":"https:\/\/danielcinelli.com.ar\/sitio\/wp-json\/wp\/v2\/posts\/200\/revisions\/210"}],"wp:featuredmedia":[{"embeddable":true,"href":"https:\/\/danielcinelli.com.ar\/sitio\/wp-json\/wp\/v2\/media\/201"}],"wp:attachment":[{"href":"https:\/\/danielcinelli.com.ar\/sitio\/wp-json\/wp\/v2\/media?parent=200"}],"wp:term":[{"taxonomy":"category","embeddable":true,"href":"https:\/\/danielcinelli.com.ar\/sitio\/wp-json\/wp\/v2\/categories?post=200"},{"taxonomy":"post_tag","embeddable":true,"href":"https:\/\/danielcinelli.com.ar\/sitio\/wp-json\/wp\/v2\/tags?post=200"}],"curies":[{"name":"wp","href":"https:\/\/api.w.org\/{rel}","templated":true}]}}